{"id":25439,"date":"2020-04-05T13:27:20","date_gmt":"2020-04-05T10:27:20","guid":{"rendered":"http:\/\/www.erdallaw.com\/?p=25439"},"modified":"2020-04-05T13:27:20","modified_gmt":"2020-04-05T10:27:20","slug":"korona-virusunun-etkileri-devam-ediyor-sosyete-pazarlarina-yasak","status":"publish","type":"post","link":"http:\/\/www.erdallaw.com\/en\/turkish-korona-virusunun-etkileri-devam-ediyor-sosyete-pazarlarina-yasak\/","title":{"rendered":"(Turkish) Korona Vir\u00fcs\u00fcn\u00fcn Etkileri Devam Ediyor- Sosyete Pazarlar\u0131na Yasak"},"content":{"rendered":"<p>SOSYETE PAZARLARINA YASAK<\/p>\n<p>81 \u0130l Valili\u011fine Koronavir\u00fcs Tedbirleri Kapsam\u0131nda G\u00f6nderilen Ek Genelgeyle;<\/p>\n<p>Kamuoyunda sosyete pazar\u0131 olarak adland\u0131r\u0131lanlar ba\u015fta olmak \u00fczere sergi ve tezg\u00e2hlarda giyim, oyuncak, s\u00fcs e\u015fyas\u0131, \u00e7anta vb. zaruri olmayan ihtiya\u00e7 maddelerinin sat\u0131\u015f\u0131n\u0131n yap\u0131ld\u0131\u011f\u0131 t\u00fcm pazarlar\u0131n faaliyetleri 27 Mart saat 17.00 itibariyle ge\u00e7ici bir s\u00fcreli\u011fine durdurulacak. <\/p>\n<p>Vatanda\u015flar\u0131n sebze, meyve, tah\u0131l, bakliyat, temizlik malzemesi gibi temel g\u0131da\/temizlik maddelerinin kar\u015f\u0131land\u0131\u011f\u0131 pazarlarda giyim, oyuncak, vb. zaruri olmayan ihtiya\u00e7 maddelerinin sat\u0131\u015f\u0131na izin verilmeyecek. <\/p>\n<p>81 \u0130l Valili\u011fine Koronavir\u00fcs Tedbirleri Kapsam\u0131nda G\u00f6nderilen Ek Genelgeyle;<\/p>\n<p>Temel g\u0131da\/temizlik maddelerinin sat\u0131\u015f\u0131n\u0131n yap\u0131ld\u0131\u011f\u0131 pazarlarda, Valilik ve Kaymakaml\u0131klarca belediyeler ile i\u015fbirli\u011fi i\u00e7inde, yo\u011funluktan dolay\u0131 vir\u00fcs\u00fcn bula\u015fma h\u0131z\u0131n\u0131 engellemek amac\u0131yla vatanda\u015flar\u0131n temel g\u0131da\/temizlik maddelerine eri\u015fimini engellemeden, pazar yerleri ve g\u00fcnlerine ili\u015fkin olarak alternatifler \u00fcretilerek tedbirler planlanacak.<\/p>\n<p>\u0130l, il\u00e7e ve beldede ya\u015fayan vatanda\u015flar\u0131n temel g\u0131da\/temizlik maddelerinin kar\u015f\u0131lanmas\u0131 i\u00e7in mevcut pazarlardaki yo\u011funluk g\u00f6z \u00f6n\u00fcnde tutularak ihtiyaca g\u00f6re yeni pazar\/sat\u0131\u015f yerleri belirlenebilecek. <\/p>\n<p>Pazarlara ili\u015fkin al\u0131nacak tedbirler kapsam\u0131nda vatanda\u015flar\u0131n temel g\u0131da\/temizlik maddelerine eri\u015fiminde belediyeler taraf\u0131ndan do\u011frudan hizmetin sunumu ba\u015fta olmak \u00fczere tedbirler al\u0131nabilecek.<br \/>\nMevcut Pazar yerlerinde ve yo\u011funlu\u011fu da\u011f\u0131tmak i\u00e7in belirlenen yeni pazar\/sat\u0131\u015f yerlerinde her bir sat\u0131\u015f yeri (tezgah\/sergi) aras\u0131nda en az 3 metre mesafe olacak \u015fekilde pazar\/sat\u0131\u015f yerleri d\u00fczenlenecek.<\/p>\n<p>Bu ama\u00e7la mevcut pazar yerlerinin geni\u015fletilmesi (ilave cadde ve sokaklar\u0131n dahil edilmesi vb), yeni sat\u0131\u015f yerlerinin belirlenmesi, gerek g\u00f6r\u00fcld\u00fc\u011f\u00fcnde ge\u00e7ici s\u00fcreli\u011fine zaruri olmayan ihtiya\u00e7 maddelerinin sat\u0131\u015f\u0131n\u0131n yap\u0131ld\u0131\u011f\u0131 pazar yerlerinin\/parsellerinin bu ama\u00e7la tahsis edilmesi tedbirlerinin biri veya hepsi birlikte kullan\u0131lacak. <\/p>\n<p>Pazar\/sat\u0131\u015f yerlerinde ambalajs\u0131z sat\u0131lan ya\u015f sebze ve meyvelerin t\u00fcketicilerce temas edilmeden, do\u011frudan pazarc\u0131 esnaf\u0131 taraf\u0131ndan hijyen ko\u015fullar\u0131na dikkat edilerek po\u015fetlenmesi\/sat\u0131\u015f\u0131n\u0131n yap\u0131lmas\u0131 sa\u011flanacak. Bu husus pazar\/sat\u0131\u015f yerlerinde g\u00f6revlendirilecek zab\u0131ta memurlar\u0131 taraf\u0131ndan s\u00fcrekli kontrol edilecek.<\/p>\n<p>Pazarc\u0131 esnaf\u0131 ki\u015fisel hijyen kurallar\u0131na uymas\u0131 konusunda uyar\u0131larak koruyucu \u00f6nlemleri al\u0131nmas\u0131 sa\u011flanacak; bu husus belediye zab\u0131tas\u0131 ve ilgili esnaf odalar\u0131 taraf\u0131ndan denetlenerek gerekli i\u015flem yap\u0131lacakt\u0131r.<\/p>\n<p>Belediyelerce pazar\/sat\u0131\u015f yerlerinde \u00e7\u00f6p toplama, hijyen ve dezenfeksiyon hususunda gerekli tedbir al\u0131nacak. <\/p>\n<p>Pazar\/sat\u0131\u015f yerleri en ge\u00e7 saat 19:00\u2019a kadar faaliyet y\u00fcr\u00fctebilecek; buna y\u00f6nelik tebligatlar pazar esnaf\u0131na yap\u0131lacakt\u0131r.<\/p>\n<p>Pazar yerleri\/sat\u0131\u015f yerlerinde belediyeler pazar esnaf\u0131 ve vatanda\u015flar\u0131m\u0131z i\u00e7in el dezenfektan\u0131 konusunda destek olunacak.<\/p>\n<p>Bakanl\u0131\u011f\u0131m\u0131z s\u00f6z konusu tedbirlere ili\u015fkin valiler ve kaymakamlar taraf\u0131ndan il\/il\u00e7e belediyeleri ile i\u015fbirli\u011fi i\u00e7inde ilgi mevzuat ve yaz\u0131lar \u00e7er\u00e7evesinde gerekli kararlar al\u0131narak tedbirlerin ivedilikle uygulanmas\u0131 ve uygulamada herhangi bir aksakl\u0131\u011fa meydan verilmemesi, gerekli g\u00f6r\u00fclmesi durumunda al\u0131nan kararlara uyulup uyulmad\u0131\u011f\u0131n\u0131n genel kolluk marifetiyle denetlenmesi istedi.<\/p>\n<p>Genelge kapsam\u0131nda al\u0131nan kararlara uymayanlara cezai ve idari yapt\u0131r\u0131mlar \u00f6ng\u00f6r\u00fclm\u00fc\u015ft\u00fcr;<br \/>\nGenelge ile ge\u00e7ici olarak getirilen yeni d\u00fczenleme kapsam\u0131nda sosyetik Pazar olarak nitelendirilen zaruri olmayan ihtiya\u00e7 maddelerinin sat\u0131\u015f\u0131n\u0131n yap\u0131ld\u0131\u011f\u0131 t\u00fcm pazarlar\u0131n faaliyetleri 27 Mart saat 17.00 itibariyle ge\u00e7ici bir s\u00fcreli\u011fine durdurulaca\u011f\u0131 \u00f6ng\u00f6r\u00fclm\u00fc\u015ft\u00fcr. Karar kapsam\u0131nda belirlenen nitelikteki \u00fcr\u00fcnlerin (zaruri ihtiya\u00e7) pazarlarda sat\u0131\u015f yapmas\u0131 ve al\u0131nan karar neticesinde getirilen tedbirlere ve uygun olarak Pazar d\u00fczenini olu\u015fturmayanlara \u0130l \u0130daresi Kanunu 66. Maddesi gere\u011fince \u201c\u00fc\u00e7 aydan bir y\u0131la kadar hapis cezas\u0131\u201d \u00f6ng\u00f6r\u00fclm\u00fc\u015ft\u00fcr.<br \/>\nAyr\u0131ca Kabahatler Kanunun 32. Maddesi kapsam\u0131nda emre ayk\u0131r\u0131 davran\u0131ld\u0131\u011f\u0131 gerek\u00e7esiyle idari para cezas\u0131 verilir.<\/p>\n","protected":false},"excerpt":{"rendered":"<p>SOSYETE PAZARLARINA YASAK 81 \u0130l Valili\u011fine Koronavir\u00fcs Tedbirleri Kapsam\u0131nda G\u00f6nderilen Ek Genelgeyle; Kamuoyunda sosyete pazar\u0131 olarak adland\u0131r\u0131lanlar ba\u015fta olmak \u00fczere&#8230;<\/p>\n","protected":false},"author":2,"featured_media":0,"comment_status":"closed","ping_status":"open","sticky":false,"template":"","format":"standard","meta":[],"categories":[115],"tags":[],"_links":{"self":[{"href":"http:\/\/www.erdallaw.com\/en\/wp-json\/wp\/v2\/posts\/25439"}],"collection":[{"href":"http:\/\/www.erdallaw.com\/en\/wp-json\/wp\/v2\/posts"}],"about":[{"href":"http:\/\/www.erdallaw.com\/en\/wp-json\/wp\/v2\/types\/post"}],"author":[{"embeddable":true,"href":"http:\/\/www.erdallaw.com\/en\/wp-json\/wp\/v2\/users\/2"}],"replies":[{"embeddable":true,"href":"http:\/\/www.erdallaw.com\/en\/wp-json\/wp\/v2\/comments?post=25439"}],"version-history":[{"count":1,"href":"http:\/\/www.erdallaw.com\/en\/wp-json\/wp\/v2\/posts\/25439\/revisions"}],"predecessor-version":[{"id":25440,"href":"http:\/\/www.erdallaw.com\/en\/wp-json\/wp\/v2\/posts\/25439\/revisions\/25440"}],"wp:attachment":[{"href":"http:\/\/www.erdallaw.com\/en\/wp-json\/wp\/v2\/media?parent=25439"}],"wp:term":[{"taxonomy":"category","embeddable":true,"href":"http:\/\/www.erdallaw.com\/en\/wp-json\/wp\/v2\/categories?post=25439"},{"taxonomy":"post_tag","embeddable":true,"href":"http:\/\/www.erdallaw.com\/en\/wp-json\/wp\/v2\/tags?post=25439"}],"curies":[{"name":"wp","href":"https:\/\/api.w.org\/{rel}","templated":true}]}}