{"id":24824,"date":"2015-07-17T17:44:45","date_gmt":"2015-07-17T14:44:45","guid":{"rendered":"http:\/\/erdallaw.com\/?p=24824"},"modified":"2017-02-27T17:53:00","modified_gmt":"2017-02-27T15:53:00","slug":"adli-tatil-basliyor","status":"publish","type":"post","link":"http:\/\/www.erdallaw.com\/en\/adli-tatil-basliyor\/","title":{"rendered":"Adli Tatil Ba\u015fl\u0131yor!"},"content":{"rendered":"<p>[vc_row][vc_column][vc_column_text]Hukuk Muhakemeleri Kanunu taht\u0131nda adli tatile ili\u015fkin d\u00fczenlemeler 102. maddede h\u00fck\u00fcm alt\u0131na al\u0131nm\u0131\u015ft\u0131r. S\u00f6z konusu madde uyar\u0131nca adli tatil, her y\u0131l 20 Temmuz\u2019da ba\u015flar, 31 A\u011fustos\u2019ta sona erer. Yeni adli y\u0131l 1 Eyl\u00fcl\u2019de ba\u015flar. Tatil olan bu s\u00fcre\u00e7te kural olarak davalar g\u00f6r\u00fclmez. Ancak yarg\u0131laman\u0131n \u00f6nemli olmas\u0131 ve adaletin bir an i\u00e7in bile durmas\u0131 s\u00f6z konusu olamayaca\u011f\u0131 durumlarda baz\u0131 davalar tatilde de g\u00f6r\u00fclebilecektir. Adli tatilde, ancak a\u015fa\u011f\u0131daki dava ve i\u015fler g\u00f6r\u00fcl\u00fcr:<\/p>\n<p>a)\u0130htiyati tedbir, ihtiyati haciz ve delillerin tespiti gibi ge\u00e7ici hukuki koruma, deniz raporlar\u0131n\u0131n al\u0131nmas\u0131 ve dispe\u00e7ci atanmas\u0131 talepleri ile bunlara kar\u015f\u0131 yap\u0131lacak itirazlar ve di\u011fer ba\u015fvurular hakk\u0131nda karar verilmesi,<br \/>\nb) Her \u00e7e\u015fit nafaka davalar\u0131 ile soy ba\u011f\u0131, velayet ve vesayete ili\u015fkin dava ya da i\u015fler,<br \/>\nc) N\u00fcfus kay\u0131tlar\u0131n\u0131n d\u00fczeltilmesi i\u015fleri ve davalar\u0131,<br \/>\n\u00e7) Hizmet akdi veya i\u015f s\u00f6zle\u015fmesi sebebiyle i\u015f\u00e7ilerin a\u00e7t\u0131klar\u0131 davalar,<br \/>\nd) Ticari defterlerin kayb\u0131ndan dolay\u0131 kay\u0131p belgesi verilmesi talepleri ile k\u0131ymetli evrak\u0131n kayb\u0131ndan do\u011fan iptal i\u015fleri,<br \/>\ne) \u0130flas ve konkordato ile sermaye \u015firketleri ve kooperatiflerin uzla\u015fma suretiyle yeniden yap\u0131land\u0131r\u0131lmas\u0131na ili\u015fkin i\u015fler ve davalar,<br \/>\nf) Adli tatilde yap\u0131lmas\u0131na karar verilen ke\u015fifler,<br \/>\ng) Tahkim h\u00fck\u00fcmlerine g\u00f6re, mahkemenin g\u00f6rev alan\u0131na giren dava ve i\u015fler,<br \/>\n\u011f) \u00c7eki\u015fmesiz yarg\u0131 i\u015fleri, ile<br \/>\nh) Kanunlarda ivedi oldu\u011fu belirtilen veya taraflardan birinin talebi \u00fczerine, mahkemece ivedi g\u00f6r\u00fclmesine karar verilen dava ve i\u015fler.<\/p>\n<p>Taraflar\u0131n anla\u015fmas\u0131 h\u00e2linde veya dava bir taraf\u0131n yoklu\u011funda g\u00f6r\u00fclmekte ise haz\u0131r olan taraf\u0131n talebi \u00fczerine, yukar\u0131daki i\u015f ve davalara bak\u0131lmas\u0131, adli tatilden sonraya b\u0131rak\u0131labilir.<\/p>\n<p>Adli tatilde, yukar\u0131daki belirtilmi\u015f olan durumlar d\u0131\u015f\u0131nda kalan dava ve i\u015flerle ilgili olarak verilen dava, kar\u015f\u0131 dava, istinaf ve temyiz dilek\u00e7eleri ile bunlara kar\u015f\u0131 verilen cevap dilek\u00e7elerinin ve dosyas\u0131 i\u015flemden kald\u0131r\u0131lan davalar\u0131 yenileme dilek\u00e7elerinin al\u0131nmas\u0131, ilam verilmesi, her t\u00fcrl\u00fc tebligat, dosyan\u0131n ba\u015fka bir mahkemeye, b\u00f6lge adliye mahkemesine veya Yarg\u0131tay\u2019a g\u00f6nderilmesi i\u015flemleri de yap\u0131l\u0131r.<\/p>\n<p>Adli tatile tabi olan dava ve i\u015flerde s\u00fcrelerin bitmesi tatil zaman\u0131na rastlarsa, bu s\u00fcreler ayr\u0131ca bir karara gerek olmaks\u0131z\u0131n adli tatilin bitti\u011fi g\u00fcnden itibaren bir hafta uzat\u0131lm\u0131\u015f say\u0131l\u0131r.<\/p>\n<p>An\u0131lan hususlar\u0131 bilgilerinize sunar\u0131z.<\/p>\n<p>ERDAL HUKUKU B\u00dcROSU[\/vc_column_text][\/vc_column][\/vc_row]<\/p>\n","protected":false},"excerpt":{"rendered":"<p>[vc_row][vc_column][vc_column_text]Hukuk Muhakemeleri Kanunu taht\u0131nda adli tatile ili\u015fkin d\u00fczenlemeler 102. maddede h\u00fck\u00fcm alt\u0131na al\u0131nm\u0131\u015ft\u0131r. S\u00f6z konusu madde uyar\u0131nca adli tatil, her&#8230;<\/p>\n","protected":false},"author":1,"featured_media":0,"comment_status":"closed","ping_status":"open","sticky":false,"template":"","format":"standard","meta":[],"categories":[115],"tags":[],"_links":{"self":[{"href":"http:\/\/www.erdallaw.com\/en\/wp-json\/wp\/v2\/posts\/24824"}],"collection":[{"href":"http:\/\/www.erdallaw.com\/en\/wp-json\/wp\/v2\/posts"}],"about":[{"href":"http:\/\/www.erdallaw.com\/en\/wp-json\/wp\/v2\/types\/post"}],"author":[{"embeddable":true,"href":"http:\/\/www.erdallaw.com\/en\/wp-json\/wp\/v2\/users\/1"}],"replies":[{"embeddable":true,"href":"http:\/\/www.erdallaw.com\/en\/wp-json\/wp\/v2\/comments?post=24824"}],"version-history":[{"count":1,"href":"http:\/\/www.erdallaw.com\/en\/wp-json\/wp\/v2\/posts\/24824\/revisions"}],"predecessor-version":[{"id":24825,"href":"http:\/\/www.erdallaw.com\/en\/wp-json\/wp\/v2\/posts\/24824\/revisions\/24825"}],"wp:attachment":[{"href":"http:\/\/www.erdallaw.com\/en\/wp-json\/wp\/v2\/media?parent=24824"}],"wp:term":[{"taxonomy":"category","embeddable":true,"href":"http:\/\/www.erdallaw.com\/en\/wp-json\/wp\/v2\/categories?post=24824"},{"taxonomy":"post_tag","embeddable":true,"href":"http:\/\/www.erdallaw.com\/en\/wp-json\/wp\/v2\/tags?post=24824"}],"curies":[{"name":"wp","href":"https:\/\/api.w.org\/{rel}","templated":true}]}}